{"id":1530,"date":"2026-04-05T19:03:39","date_gmt":"2026-04-05T17:03:39","guid":{"rendered":"https:\/\/www.plandaten.de\/chronofiles\/?p=1530"},"modified":"2026-04-05T19:10:37","modified_gmt":"2026-04-05T17:10:37","slug":"dem-ingenioer-ist-nichts-zu-schwoer","status":"publish","type":"post","link":"https:\/\/www.plandaten.de\/chronofiles\/2026\/04\/05\/dem-ingenioer-ist-nichts-zu-schwoer\/","title":{"rendered":"Dem Ingeni\u00f6r ist nichts zu schw\u00f6r"},"content":{"rendered":"\n<h3 class=\"wp-block-heading\">Faksimile: Ein Blogartikel aus 2011<\/h3>\n\n\n\n<p>Nachfolgend ein unbearbeiteter Blogartikel aus 2011 den ich heute auf blogger.com zuf\u00e4llig wiederentdeckt habe (\u201edas Internet vergisst nichts\u201c), der dennoch immer noch G\u00fcltigkeit hat:<\/p>\n\n\n\n<p>Als ich um 1990 dieses Bild erstand war mein eigenes Ingenieurb\u00fcro noch nicht gegr\u00fcndet. Von den beschwerlichen K\u00e4mpfen mit den Normen hatte ich zwar eine Vorahnung, aber in der Jugend glaubt man ja &#8222;Normen sind dazu da sich dar\u00fcber hinwegzusetzen&#8220;. Jetzt mehr als 20 Jahre sp\u00e4ter und um einige Erfahrungen reicher wei\u00df ich: wer sich \u00fcber Normen hinwegsetzt, seien sie auch noch so unsinnig begibt sich in Gefahr verklagt zu werden. Das Gem\u00e4lde von Wolfgang Eberlein, einem bekannten Schrobenhausener K\u00fcnstler (1944 bis 2005), zeigt diese Situation geradezu prophetisch:<br>Der Ingenieur, wohlgen\u00e4hrt aber sehr ernst in die falsche Richtung dreinschauend, ist mittels einer sehr einengenden Halskrause \u00fcber ein R\u00e4dchen an ein Seil gekoppelt, welches seinen Weg vorbestimmt. Es gibt kein entkommen. Auch wenn sich seitlich eine T\u00fcr (zum Licht?) \u00f6ffnet bleibt ihm nur der Weg an dem einen oder anderen Seil entlang zu gehen. Vielleicht ergibt sich ja ausserhalb des Bildes ein Ausweg- aber die Wahrscheinlichkeit eine &#8222;Weiche&#8220; zu finden ist gering. Es bleibt die Hoffnung da\u00df sich aus den Schwimmh\u00e4uten Fl\u00fcgel entwickeln k\u00f6nnen mit denen dieser festgezurrten Situation zu entfleuchen ist. Das alles beschreibt ziemlich genau die Situation in der sich ein engagierter Ingenieur heutzutage befindet. Normen, Vorschriften und F\u00f6rderkriterien (insbesondere energetische) sind oft extrem erstarrt in unsinnigen, b\u00fcrokratischen Checklisten deren Abarbeitung Voraussetzung f\u00fcr ein &#8222;beschwerdefreies&#8220; Ingenieurleben sind. Ich glaube da\u00df dies nicht der Grundgedanke des Ingenieurberufes war, und habe immer noch die Hoffnung da\u00df ausserhalb des Bildes eine Weiche wartet die zum Licht f\u00fchrt.<\/p>\n","protected":false},"excerpt":{"rendered":"<p>Faksimile: Ein Blogartikel aus 2011 Nachfolgend ein unbearbeiteter Blogartikel aus 2011 den ich heute auf blogger.com zuf\u00e4llig wiederentdeckt habe (\u201edas Internet vergisst nichts\u201c), der dennoch immer noch G\u00fcltigkeit hat: Als ich um 1990 dieses Bild erstand war mein eigenes Ingenieurb\u00fcro noch nicht gegr\u00fcndet. Von den beschwerlichen K\u00e4mpfen mit den Normen hatte ich zwar eine Vorahnung,&#8230; <a class=\"more-link\" href=\"https:\/\/www.plandaten.de\/chronofiles\/2026\/04\/05\/dem-ingenioer-ist-nichts-zu-schwoer\/\">[&#8230;]<\/a><\/p>\n","protected":false},"author":1,"featured_media":1532,"comment_status":"open","ping_status":"closed","sticky":false,"template":"templates\/template-cover.php","format":"standard","meta":[],"categories":[32],"tags":[],"_links":{"self":[{"href":"https:\/\/www.plandaten.de\/chronofiles\/wp-json\/wp\/v2\/posts\/1530"}],"collection":[{"href":"https:\/\/www.plandaten.de\/chronofiles\/wp-json\/wp\/v2\/posts"}],"about":[{"href":"https:\/\/www.plandaten.de\/chronofiles\/wp-json\/wp\/v2\/types\/post"}],"author":[{"embeddable":true,"href":"https:\/\/www.plandaten.de\/chronofiles\/wp-json\/wp\/v2\/users\/1"}],"replies":[{"embeddable":true,"href":"https:\/\/www.plandaten.de\/chronofiles\/wp-json\/wp\/v2\/comments?post=1530"}],"version-history":[{"count":2,"href":"https:\/\/www.plandaten.de\/chronofiles\/wp-json\/wp\/v2\/posts\/1530\/revisions"}],"predecessor-version":[{"id":1534,"href":"https:\/\/www.plandaten.de\/chronofiles\/wp-json\/wp\/v2\/posts\/1530\/revisions\/1534"}],"wp:featuredmedia":[{"embeddable":true,"href":"https:\/\/www.plandaten.de\/chronofiles\/wp-json\/wp\/v2\/media\/1532"}],"wp:attachment":[{"href":"https:\/\/www.plandaten.de\/chronofiles\/wp-json\/wp\/v2\/media?parent=1530"}],"wp:term":[{"taxonomy":"category","embeddable":true,"href":"https:\/\/www.plandaten.de\/chronofiles\/wp-json\/wp\/v2\/categories?post=1530"},{"taxonomy":"post_tag","embeddable":true,"href":"https:\/\/www.plandaten.de\/chronofiles\/wp-json\/wp\/v2\/tags?post=1530"}],"curies":[{"name":"wp","href":"https:\/\/api.w.org\/{rel}","templated":true}]}}