{"id":605,"date":"2023-07-03T13:58:28","date_gmt":"2023-07-03T11:58:28","guid":{"rendered":"https:\/\/www.plandaten.de\/chronofiles\/?p=605"},"modified":"2025-12-02T12:36:31","modified_gmt":"2025-12-02T11:36:31","slug":"unite-marseille","status":"publish","type":"post","link":"https:\/\/www.plandaten.de\/chronofiles\/2023\/07\/03\/unite-marseille\/","title":{"rendered":"Unit\u00e9 Marseille"},"content":{"rendered":"\n<p>Nach einer langen Reise durch Frankreich, bei der wir fast alle LC-Geb\u00e4ude der Weltkulturerbeliste besucht haben die in Frankreich existieren, sind wir, nach 2006, 2016 erneut in Marseille gelandet. Die unit\u00e9 d\u00b4habitation (Wohneinheit) ist immer wieder eine  Inspirationsquelle (auch 2023 und 2024 (in Firminy) haben wir den Spirit wieder gefunden)  f\u00fcr fliessende Grundrisse, Details, b\u00e9ton brut, Beleuchtung, Solare Orientierung, Ausblick und Durchblick, verlockende Atmosph\u00e4re mit menschlichem Ma\u00dfstab. <\/p>\n\n\n\n<p>Auch der K\u00fcnstler<a rel=\"noreferrer noopener\" href=\"https:\/\/mamo.fr\/2016\/08\/lexpress-felice-varini-une-question-de-point-de-vue\/\" target=\"_blank\"> Felice Varini<\/a> hat sich 2016 inspirieren lassen und im, 2014 neu geschaffenen Museum <a rel=\"noreferrer noopener\" href=\"https:\/\/mamo.fr\/2014\/05\/ora-ito-et-le-mamo-lart-en-plein-ciel\/\" data-type=\"URL\" data-id=\"https:\/\/mamo.fr\/2014\/05\/ora-ito-et-le-mamo-lart-en-plein-ciel\/\" target=\"_blank\">Le MaMo<\/a> <em> (Centre d\u2019art de la Cit\u00e9 radieuse, 280 Bd Michelet, Marseille (8e)<\/em>, Ora-\u00efto) auf der Dachterrasse der Unit\u00e9  seine Ausstellung \u201c\u00c0 ciel ouvert\u201d gezeigt. &#8222;Une question de point de vue&#8220;.<\/p>\n\n\n\n<figure class=\"wp-block-image size-large\"><img decoding=\"async\" loading=\"lazy\" width=\"1024\" height=\"1024\" src=\"https:\/\/www.plandaten.de\/chronofiles\/wp-content\/uploads\/2025\/12\/IMG_5046-1024x1024.jpg\" alt=\"\" class=\"wp-image-1252\" srcset=\"https:\/\/www.plandaten.de\/chronofiles\/wp-content\/uploads\/2025\/12\/IMG_5046-1024x1024.jpg 1024w, https:\/\/www.plandaten.de\/chronofiles\/wp-content\/uploads\/2025\/12\/IMG_5046-300x300.jpg 300w, https:\/\/www.plandaten.de\/chronofiles\/wp-content\/uploads\/2025\/12\/IMG_5046-150x150.jpg 150w, https:\/\/www.plandaten.de\/chronofiles\/wp-content\/uploads\/2025\/12\/IMG_5046-768x768.jpg 768w, https:\/\/www.plandaten.de\/chronofiles\/wp-content\/uploads\/2025\/12\/IMG_5046-1200x1200.jpg 1200w, https:\/\/www.plandaten.de\/chronofiles\/wp-content\/uploads\/2025\/12\/IMG_5046.jpg 1500w\" sizes=\"(max-width: 1024px) 100vw, 1024px\" \/><figcaption class=\"wp-element-caption\">Unit\u00e9 Marseille (c) FLC, Velice Varini (Kunstwerk), Le MaMo (Ora-\u00efto) Foto: Harald Brosi<\/figcaption><\/figure>\n\n\n\n<figure class=\"wp-block-image size-large\"><img decoding=\"async\" loading=\"lazy\" width=\"1024\" height=\"768\" src=\"https:\/\/www.plandaten.de\/chronofiles\/wp-content\/uploads\/2023\/07\/DSCI0039-1024x768.jpg\" alt=\"\" class=\"wp-image-607\" srcset=\"https:\/\/www.plandaten.de\/chronofiles\/wp-content\/uploads\/2023\/07\/DSCI0039-1024x768.jpg 1024w, https:\/\/www.plandaten.de\/chronofiles\/wp-content\/uploads\/2023\/07\/DSCI0039-300x225.jpg 300w, https:\/\/www.plandaten.de\/chronofiles\/wp-content\/uploads\/2023\/07\/DSCI0039-768x576.jpg 768w, https:\/\/www.plandaten.de\/chronofiles\/wp-content\/uploads\/2023\/07\/DSCI0039-1536x1152.jpg 1536w, https:\/\/www.plandaten.de\/chronofiles\/wp-content\/uploads\/2023\/07\/DSCI0039-1200x900.jpg 1200w, https:\/\/www.plandaten.de\/chronofiles\/wp-content\/uploads\/2023\/07\/DSCI0039-1980x1485.jpg 1980w, https:\/\/www.plandaten.de\/chronofiles\/wp-content\/uploads\/2023\/07\/DSCI0039.jpg 2048w\" sizes=\"(max-width: 1024px) 100vw, 1024px\" \/><figcaption class=\"wp-element-caption\">(c) FLC, Foto: Harald Brosi, 2006, unit\u00e9 d\u00b4habitation, Marseille, Pilotis<\/figcaption><\/figure>\n\n\n\n<figure class=\"wp-block-image size-large\"><img decoding=\"async\" loading=\"lazy\" width=\"768\" height=\"1024\" src=\"https:\/\/www.plandaten.de\/chronofiles\/wp-content\/uploads\/2023\/07\/DSCI0073-768x1024.jpg\" alt=\"\" class=\"wp-image-609\" srcset=\"https:\/\/www.plandaten.de\/chronofiles\/wp-content\/uploads\/2023\/07\/DSCI0073-768x1024.jpg 768w, https:\/\/www.plandaten.de\/chronofiles\/wp-content\/uploads\/2023\/07\/DSCI0073-225x300.jpg 225w, https:\/\/www.plandaten.de\/chronofiles\/wp-content\/uploads\/2023\/07\/DSCI0073-1152x1536.jpg 1152w, https:\/\/www.plandaten.de\/chronofiles\/wp-content\/uploads\/2023\/07\/DSCI0073-1200x1600.jpg 1200w, https:\/\/www.plandaten.de\/chronofiles\/wp-content\/uploads\/2023\/07\/DSCI0073.jpg 1482w\" sizes=\"(max-width: 768px) 100vw, 768px\" \/><figcaption class=\"wp-element-caption\">(c) FLC, Foto:Harald Brosi, 2006, unit\u00e9 d&#8217;habitation, Marseille, Gesch\u00e4ftsstrasse, Wandleuchten<\/figcaption><\/figure>\n\n\n\n<figure class=\"wp-block-image size-large is-resized\"><img decoding=\"async\" loading=\"lazy\" src=\"https:\/\/www.plandaten.de\/chronofiles\/wp-content\/uploads\/2023\/07\/IMG_6764-1024x535.jpg\" alt=\"\" class=\"wp-image-613\" width=\"608\" height=\"317\" srcset=\"https:\/\/www.plandaten.de\/chronofiles\/wp-content\/uploads\/2023\/07\/IMG_6764-1024x535.jpg 1024w, https:\/\/www.plandaten.de\/chronofiles\/wp-content\/uploads\/2023\/07\/IMG_6764-300x157.jpg 300w, https:\/\/www.plandaten.de\/chronofiles\/wp-content\/uploads\/2023\/07\/IMG_6764-768x402.jpg 768w, https:\/\/www.plandaten.de\/chronofiles\/wp-content\/uploads\/2023\/07\/IMG_6764-1536x803.jpg 1536w, https:\/\/www.plandaten.de\/chronofiles\/wp-content\/uploads\/2023\/07\/IMG_6764-2048x1071.jpg 2048w, https:\/\/www.plandaten.de\/chronofiles\/wp-content\/uploads\/2023\/07\/IMG_6764-1200x627.jpg 1200w, https:\/\/www.plandaten.de\/chronofiles\/wp-content\/uploads\/2023\/07\/IMG_6764-1980x1035.jpg 1980w\" sizes=\"(max-width: 608px) 100vw, 608px\" \/><figcaption class=\"wp-element-caption\">(c) FLC, Foto:Harald Brosi, 2016, unit\u00e9 d&#8217;habitation, Marseille, Aussenansicht<\/figcaption><\/figure>\n\n\n\n<p>Die r\u00e4umliche Atmosph\u00e4re der 2-geschossigen Wohnungen konnten wir, nachdem wir 2006 \u201enur\u201c im Hotel Le Corbusier im eingeschossigen Apartment verbrachten, auf sp\u00e4teren Besuchen ausgiebig erf\u00fchlen und erforschen. Wir bezogen \u201eunsere Wohnungen\u201c jeweils f\u00fcr mehrere Tage.<\/p>\n\n\n\n<figure class=\"wp-block-gallery has-nested-images columns-default is-cropped wp-block-gallery-1 is-layout-flex\">\n<figure class=\"wp-block-image size-large\"><img decoding=\"async\" loading=\"lazy\" width=\"768\" height=\"1024\" data-id=\"1247\"  src=\"https:\/\/www.plandaten.de\/chronofiles\/wp-content\/uploads\/2025\/12\/99B00E83-03DA-43A7-9EF4-13FE41D047C6-768x1024.jpeg\" alt=\"\" class=\"wp-image-1247\" srcset=\"https:\/\/www.plandaten.de\/chronofiles\/wp-content\/uploads\/2025\/12\/99B00E83-03DA-43A7-9EF4-13FE41D047C6-768x1024.jpeg 768w, https:\/\/www.plandaten.de\/chronofiles\/wp-content\/uploads\/2025\/12\/99B00E83-03DA-43A7-9EF4-13FE41D047C6-225x300.jpeg 225w, https:\/\/www.plandaten.de\/chronofiles\/wp-content\/uploads\/2025\/12\/99B00E83-03DA-43A7-9EF4-13FE41D047C6-1152x1536.jpeg 1152w, https:\/\/www.plandaten.de\/chronofiles\/wp-content\/uploads\/2025\/12\/99B00E83-03DA-43A7-9EF4-13FE41D047C6-1200x1600.jpeg 1200w, https:\/\/www.plandaten.de\/chronofiles\/wp-content\/uploads\/2025\/12\/99B00E83-03DA-43A7-9EF4-13FE41D047C6.jpeg 1400w\" sizes=\"(max-width: 768px) 100vw, 768px\" \/><figcaption class=\"wp-element-caption\">Unit\u00e9 Firminy (c) FLC Foto: Harald Brosi<\/figcaption><\/figure>\n\n\n\n<figure class=\"wp-block-image size-large\"><img decoding=\"async\" loading=\"lazy\" width=\"768\" height=\"1024\" data-id=\"1246\"  src=\"https:\/\/www.plandaten.de\/chronofiles\/wp-content\/uploads\/2025\/12\/026F347B-4EE2-459D-B818-3585C7F49C45-768x1024.jpeg\" alt=\"\" class=\"wp-image-1246\" srcset=\"https:\/\/www.plandaten.de\/chronofiles\/wp-content\/uploads\/2025\/12\/026F347B-4EE2-459D-B818-3585C7F49C45-768x1024.jpeg 768w, https:\/\/www.plandaten.de\/chronofiles\/wp-content\/uploads\/2025\/12\/026F347B-4EE2-459D-B818-3585C7F49C45-225x300.jpeg 225w, https:\/\/www.plandaten.de\/chronofiles\/wp-content\/uploads\/2025\/12\/026F347B-4EE2-459D-B818-3585C7F49C45-1152x1536.jpeg 1152w, https:\/\/www.plandaten.de\/chronofiles\/wp-content\/uploads\/2025\/12\/026F347B-4EE2-459D-B818-3585C7F49C45-1536x2048.jpeg 1536w, https:\/\/www.plandaten.de\/chronofiles\/wp-content\/uploads\/2025\/12\/026F347B-4EE2-459D-B818-3585C7F49C45-1200x1600.jpeg 1200w, https:\/\/www.plandaten.de\/chronofiles\/wp-content\/uploads\/2025\/12\/026F347B-4EE2-459D-B818-3585C7F49C45-1980x2640.jpeg 1980w, https:\/\/www.plandaten.de\/chronofiles\/wp-content\/uploads\/2025\/12\/026F347B-4EE2-459D-B818-3585C7F49C45-scaled.jpeg 1920w\" sizes=\"(max-width: 768px) 100vw, 768px\" \/><figcaption class=\"wp-element-caption\">Unit\u00e9 Marseille (c) FLC Foto: Harald Brosi<\/figcaption><\/figure>\n\n\n\n<figure class=\"wp-block-image size-large\"><img decoding=\"async\" loading=\"lazy\" width=\"768\" height=\"1024\" data-id=\"1245\"  src=\"https:\/\/www.plandaten.de\/chronofiles\/wp-content\/uploads\/2025\/12\/E912BE85-F14C-4385-98CF-D6E4A85069E6-768x1024.jpeg\" alt=\"\" class=\"wp-image-1245\" srcset=\"https:\/\/www.plandaten.de\/chronofiles\/wp-content\/uploads\/2025\/12\/E912BE85-F14C-4385-98CF-D6E4A85069E6-768x1025.jpeg 768w, https:\/\/www.plandaten.de\/chronofiles\/wp-content\/uploads\/2025\/12\/E912BE85-F14C-4385-98CF-D6E4A85069E6-225x300.jpeg 225w, https:\/\/www.plandaten.de\/chronofiles\/wp-content\/uploads\/2025\/12\/E912BE85-F14C-4385-98CF-D6E4A85069E6-1151x1536.jpeg 1151w, https:\/\/www.plandaten.de\/chronofiles\/wp-content\/uploads\/2025\/12\/E912BE85-F14C-4385-98CF-D6E4A85069E6-1535x2048.jpeg 1535w, https:\/\/www.plandaten.de\/chronofiles\/wp-content\/uploads\/2025\/12\/E912BE85-F14C-4385-98CF-D6E4A85069E6-1200x1601.jpeg 1200w, https:\/\/www.plandaten.de\/chronofiles\/wp-content\/uploads\/2025\/12\/E912BE85-F14C-4385-98CF-D6E4A85069E6-1980x2641.jpeg 1980w, https:\/\/www.plandaten.de\/chronofiles\/wp-content\/uploads\/2025\/12\/E912BE85-F14C-4385-98CF-D6E4A85069E6-scaled.jpeg 1919w\" sizes=\"(max-width: 768px) 100vw, 768px\" \/><figcaption class=\"wp-element-caption\">Unit\u00e9 Marseille (c) FLC Foto: Harald Brosi<\/figcaption><\/figure>\n\n\n\n<figure class=\"wp-block-image size-large\"><img decoding=\"async\" loading=\"lazy\" width=\"1024\" height=\"768\" data-id=\"1244\"  src=\"https:\/\/www.plandaten.de\/chronofiles\/wp-content\/uploads\/2025\/12\/5B13B0C1-E730-416F-9EB2-327C79A4618E-1024x768.jpeg\" alt=\"\" class=\"wp-image-1244\" srcset=\"https:\/\/www.plandaten.de\/chronofiles\/wp-content\/uploads\/2025\/12\/5B13B0C1-E730-416F-9EB2-327C79A4618E-1024x768.jpeg 1024w, https:\/\/www.plandaten.de\/chronofiles\/wp-content\/uploads\/2025\/12\/5B13B0C1-E730-416F-9EB2-327C79A4618E-300x225.jpeg 300w, https:\/\/www.plandaten.de\/chronofiles\/wp-content\/uploads\/2025\/12\/5B13B0C1-E730-416F-9EB2-327C79A4618E-768x576.jpeg 768w, https:\/\/www.plandaten.de\/chronofiles\/wp-content\/uploads\/2025\/12\/5B13B0C1-E730-416F-9EB2-327C79A4618E-1536x1152.jpeg 1536w, https:\/\/www.plandaten.de\/chronofiles\/wp-content\/uploads\/2025\/12\/5B13B0C1-E730-416F-9EB2-327C79A4618E-2048x1536.jpeg 2048w, https:\/\/www.plandaten.de\/chronofiles\/wp-content\/uploads\/2025\/12\/5B13B0C1-E730-416F-9EB2-327C79A4618E-1200x900.jpeg 1200w, https:\/\/www.plandaten.de\/chronofiles\/wp-content\/uploads\/2025\/12\/5B13B0C1-E730-416F-9EB2-327C79A4618E-1980x1485.jpeg 1980w\" sizes=\"(max-width: 1024px) 100vw, 1024px\" \/><figcaption class=\"wp-element-caption\">Unit\u00e9 Marseille (c) FLC Foto: Harald Brosi<\/figcaption><\/figure>\n\n\n\n<figure class=\"wp-block-image size-large\"><img decoding=\"async\" loading=\"lazy\" width=\"1024\" height=\"768\" data-id=\"1243\"  src=\"https:\/\/www.plandaten.de\/chronofiles\/wp-content\/uploads\/2025\/12\/D4F6A18E-2789-4ED6-8299-DE7108E70069-1024x768.jpeg\" alt=\"\" class=\"wp-image-1243\" srcset=\"https:\/\/www.plandaten.de\/chronofiles\/wp-content\/uploads\/2025\/12\/D4F6A18E-2789-4ED6-8299-DE7108E70069-1024x768.jpeg 1024w, https:\/\/www.plandaten.de\/chronofiles\/wp-content\/uploads\/2025\/12\/D4F6A18E-2789-4ED6-8299-DE7108E70069-300x225.jpeg 300w, https:\/\/www.plandaten.de\/chronofiles\/wp-content\/uploads\/2025\/12\/D4F6A18E-2789-4ED6-8299-DE7108E70069-768x576.jpeg 768w, https:\/\/www.plandaten.de\/chronofiles\/wp-content\/uploads\/2025\/12\/D4F6A18E-2789-4ED6-8299-DE7108E70069-1200x900.jpeg 1200w, https:\/\/www.plandaten.de\/chronofiles\/wp-content\/uploads\/2025\/12\/D4F6A18E-2789-4ED6-8299-DE7108E70069.jpeg 1500w\" sizes=\"(max-width: 1024px) 100vw, 1024px\" \/><figcaption class=\"wp-element-caption\">Unit\u00e9 Marseille (c) FLC Foto: Harald Brosi<\/figcaption><\/figure>\n\n\n\n<figure class=\"wp-block-image size-large\"><img decoding=\"async\" loading=\"lazy\" width=\"768\" height=\"1024\" data-id=\"1242\"  src=\"https:\/\/www.plandaten.de\/chronofiles\/wp-content\/uploads\/2025\/12\/84A8382A-D3AA-48F9-96D4-F190EFCB1421_1_201_a-768x1024.jpeg\" alt=\"\" class=\"wp-image-1242\" srcset=\"https:\/\/www.plandaten.de\/chronofiles\/wp-content\/uploads\/2025\/12\/84A8382A-D3AA-48F9-96D4-F190EFCB1421_1_201_a-768x1024.jpeg 768w, https:\/\/www.plandaten.de\/chronofiles\/wp-content\/uploads\/2025\/12\/84A8382A-D3AA-48F9-96D4-F190EFCB1421_1_201_a-225x300.jpeg 225w, https:\/\/www.plandaten.de\/chronofiles\/wp-content\/uploads\/2025\/12\/84A8382A-D3AA-48F9-96D4-F190EFCB1421_1_201_a-1152x1536.jpeg 1152w, https:\/\/www.plandaten.de\/chronofiles\/wp-content\/uploads\/2025\/12\/84A8382A-D3AA-48F9-96D4-F190EFCB1421_1_201_a-1536x2048.jpeg 1536w, https:\/\/www.plandaten.de\/chronofiles\/wp-content\/uploads\/2025\/12\/84A8382A-D3AA-48F9-96D4-F190EFCB1421_1_201_a-1200x1600.jpeg 1200w, https:\/\/www.plandaten.de\/chronofiles\/wp-content\/uploads\/2025\/12\/84A8382A-D3AA-48F9-96D4-F190EFCB1421_1_201_a-1980x2640.jpeg 1980w, https:\/\/www.plandaten.de\/chronofiles\/wp-content\/uploads\/2025\/12\/84A8382A-D3AA-48F9-96D4-F190EFCB1421_1_201_a-scaled.jpeg 1920w\" sizes=\"(max-width: 768px) 100vw, 768px\" \/><figcaption class=\"wp-element-caption\">Unit\u00e9 Marseille (c) FLC Foto: Harald Brosi<\/figcaption><\/figure>\n\n\n\n<figure class=\"wp-block-image size-large\"><img decoding=\"async\" loading=\"lazy\" width=\"768\" height=\"1024\" data-id=\"1241\"  src=\"https:\/\/www.plandaten.de\/chronofiles\/wp-content\/uploads\/2025\/12\/4766828B-22AF-45B9-9D02-0F37F47EDBF0_1_201_a-768x1024.jpg\" alt=\"\" class=\"wp-image-1241\" srcset=\"https:\/\/www.plandaten.de\/chronofiles\/wp-content\/uploads\/2025\/12\/4766828B-22AF-45B9-9D02-0F37F47EDBF0_1_201_a-768x1024.jpg 768w, https:\/\/www.plandaten.de\/chronofiles\/wp-content\/uploads\/2025\/12\/4766828B-22AF-45B9-9D02-0F37F47EDBF0_1_201_a-225x300.jpg 225w, https:\/\/www.plandaten.de\/chronofiles\/wp-content\/uploads\/2025\/12\/4766828B-22AF-45B9-9D02-0F37F47EDBF0_1_201_a-1152x1536.jpg 1152w, https:\/\/www.plandaten.de\/chronofiles\/wp-content\/uploads\/2025\/12\/4766828B-22AF-45B9-9D02-0F37F47EDBF0_1_201_a-1200x1600.jpg 1200w, https:\/\/www.plandaten.de\/chronofiles\/wp-content\/uploads\/2025\/12\/4766828B-22AF-45B9-9D02-0F37F47EDBF0_1_201_a.jpg 1500w\" sizes=\"(max-width: 768px) 100vw, 768px\" \/><figcaption class=\"wp-element-caption\">Unit\u00e9 Marseille (c) FLC Foto: Harald Brosi<\/figcaption><\/figure>\n<\/figure>\n","protected":false},"excerpt":{"rendered":"<p>Nach einer langen Reise durch Frankreich, bei der wir fast alle LC-Geb\u00e4ude der Weltkulturerbeliste besucht haben die in Frankreich existieren, sind wir, nach 2006, 2016 erneut in Marseille gelandet. Die unit\u00e9 d\u00b4habitation (Wohneinheit) ist immer wieder eine Inspirationsquelle (auch 2023 und 2024 (in Firminy) haben wir den Spirit wieder gefunden) f\u00fcr fliessende Grundrisse, Details, b\u00e9ton&#8230; <a class=\"more-link\" href=\"https:\/\/www.plandaten.de\/chronofiles\/2023\/07\/03\/unite-marseille\/\">[&#8230;]<\/a><\/p>\n","protected":false},"author":1,"featured_media":606,"comment_status":"open","ping_status":"closed","sticky":false,"template":"templates\/template-cover.php","format":"standard","meta":[],"categories":[30],"tags":[],"_links":{"self":[{"href":"https:\/\/www.plandaten.de\/chronofiles\/wp-json\/wp\/v2\/posts\/605"}],"collection":[{"href":"https:\/\/www.plandaten.de\/chronofiles\/wp-json\/wp\/v2\/posts"}],"about":[{"href":"https:\/\/www.plandaten.de\/chronofiles\/wp-json\/wp\/v2\/types\/post"}],"author":[{"embeddable":true,"href":"https:\/\/www.plandaten.de\/chronofiles\/wp-json\/wp\/v2\/users\/1"}],"replies":[{"embeddable":true,"href":"https:\/\/www.plandaten.de\/chronofiles\/wp-json\/wp\/v2\/comments?post=605"}],"version-history":[{"count":8,"href":"https:\/\/www.plandaten.de\/chronofiles\/wp-json\/wp\/v2\/posts\/605\/revisions"}],"predecessor-version":[{"id":1256,"href":"https:\/\/www.plandaten.de\/chronofiles\/wp-json\/wp\/v2\/posts\/605\/revisions\/1256"}],"wp:featuredmedia":[{"embeddable":true,"href":"https:\/\/www.plandaten.de\/chronofiles\/wp-json\/wp\/v2\/media\/606"}],"wp:attachment":[{"href":"https:\/\/www.plandaten.de\/chronofiles\/wp-json\/wp\/v2\/media?parent=605"}],"wp:term":[{"taxonomy":"category","embeddable":true,"href":"https:\/\/www.plandaten.de\/chronofiles\/wp-json\/wp\/v2\/categories?post=605"},{"taxonomy":"post_tag","embeddable":true,"href":"https:\/\/www.plandaten.de\/chronofiles\/wp-json\/wp\/v2\/tags?post=605"}],"curies":[{"name":"wp","href":"https:\/\/api.w.org\/{rel}","templated":true}]}}