{"id":615,"date":"2023-07-03T14:59:40","date_gmt":"2023-07-03T12:59:40","guid":{"rendered":"https:\/\/www.plandaten.de\/chronofiles\/?p=615"},"modified":"2026-04-05T19:19:09","modified_gmt":"2026-04-05T17:19:09","slug":"industriemonster-am-la-vela","status":"publish","type":"post","link":"https:\/\/www.plandaten.de\/chronofiles\/2023\/07\/03\/industriemonster-am-la-vela\/","title":{"rendered":"Industriemonster am La Vela"},"content":{"rendered":"\n<p><strong>Unglaubliche<\/strong> Atmosph\u00e4re, fast wie im dystopischen Science Fiction, wohlgeborgen in der \u201eGated Community\u201c der <a rel=\"noreferrer noopener\" href=\"https:\/\/casas.iter.es\/de\/startseite\/\" target=\"_blank\">&#8222;casas bioclim\u00e1ticas<\/a>&#8220; [4], inmitten eines PV und Windparks auf Teneriffa, in einem \u00f6kologisch korrekten, &#8222;bioclimatischen&#8220;, luxuri\u00f6sen Haus, mit perfekten R\u00e4umen und Aus- und Durchblicken, PV und Windstrom, solar entsalztes Warmwasser, endemische Pflanzen, zeitgesteuert bew\u00e4ssert [5].<\/p>\n\n\n\n<figure class=\"wp-block-image size-large\"><img decoding=\"async\" loading=\"lazy\" width=\"1024\" height=\"768\" src=\"https:\/\/www.plandaten.de\/chronofiles\/wp-content\/uploads\/2023\/07\/IMG_8556-1024x768.jpeg\" alt=\"\" class=\"wp-image-624\" srcset=\"https:\/\/www.plandaten.de\/chronofiles\/wp-content\/uploads\/2023\/07\/IMG_8556-1024x768.jpeg 1024w, https:\/\/www.plandaten.de\/chronofiles\/wp-content\/uploads\/2023\/07\/IMG_8556-300x225.jpeg 300w, https:\/\/www.plandaten.de\/chronofiles\/wp-content\/uploads\/2023\/07\/IMG_8556-768x576.jpeg 768w, https:\/\/www.plandaten.de\/chronofiles\/wp-content\/uploads\/2023\/07\/IMG_8556-1536x1152.jpeg 1536w, https:\/\/www.plandaten.de\/chronofiles\/wp-content\/uploads\/2023\/07\/IMG_8556-2048x1536.jpeg 2048w, https:\/\/www.plandaten.de\/chronofiles\/wp-content\/uploads\/2023\/07\/IMG_8556-1200x900.jpeg 1200w, https:\/\/www.plandaten.de\/chronofiles\/wp-content\/uploads\/2023\/07\/IMG_8556-1980x1485.jpeg 1980w\" sizes=\"(max-width: 1024px) 100vw, 1024px\" \/><\/figure>\n\n\n\n<p>Im nahen Doppel-Industriemonster im Industriehafen dagegen ein st\u00e4ndiges im tiefen Bass wummerndes Ger\u00e4usch von Schiffsdieseln.&nbsp; Daneben noch ein weiteres Bohrschiff. Gestrandet &#8211; Betreiber pleite.<\/p>\n\n\n\n<figure class=\"wp-block-audio\"><audio controls src=\"https:\/\/www.plandaten.de\/chronofiles\/wp-content\/uploads\/2023\/07\/La-Vela-Machine-Sound-vom-Industriemonster.m4a\"><\/audio><\/figure>\n\n\n\n<figure class=\"wp-block-image size-large\"><img decoding=\"async\" loading=\"lazy\" width=\"768\" height=\"1024\" src=\"https:\/\/www.plandaten.de\/chronofiles\/wp-content\/uploads\/2023\/07\/IMG_8579-768x1024.jpg\" alt=\"\" class=\"wp-image-622\" srcset=\"https:\/\/www.plandaten.de\/chronofiles\/wp-content\/uploads\/2023\/07\/IMG_8579-768x1024.jpg 768w, https:\/\/www.plandaten.de\/chronofiles\/wp-content\/uploads\/2023\/07\/IMG_8579-225x300.jpg 225w, https:\/\/www.plandaten.de\/chronofiles\/wp-content\/uploads\/2023\/07\/IMG_8579-1152x1536.jpg 1152w, https:\/\/www.plandaten.de\/chronofiles\/wp-content\/uploads\/2023\/07\/IMG_8579-1536x2048.jpg 1536w, https:\/\/www.plandaten.de\/chronofiles\/wp-content\/uploads\/2023\/07\/IMG_8579-1200x1600.jpg 1200w, https:\/\/www.plandaten.de\/chronofiles\/wp-content\/uploads\/2023\/07\/IMG_8579-1980x2640.jpg 1980w, https:\/\/www.plandaten.de\/chronofiles\/wp-content\/uploads\/2023\/07\/IMG_8579-scaled.jpg 1920w\" sizes=\"(max-width: 768px) 100vw, 768px\" \/><\/figure>\n\n\n\n<p>Drei \u00d6lbohrplattformen von prognostizierten 10 bis 18 die hier \u201egewartet\u201c werden sollen. [1.]<\/p>\n\n\n\n<p>Man stelle sich die Menschenstr\u00f6me vor die t\u00e4glich in 3 Schichten wechseln- Metropolis von Fritz Lang k\u00f6nnte einen Eindruck vermitteln. [2.] <\/p>\n\n\n\n<p>Alles vielleicht nur ein Kapitalistentraum [3.], mit der Gefahr auf den rostigen Dingern sitzen zu bleiben.<\/p>\n\n\n\n<p>Aussenrum Ein\u00f6de aus Stein, Sonnenaufgang \u00fcber dem Meer. Dann das \u00e4chzend, klagende Gejaule der Windturbinen und dazwischen die Lautsprecheransagen zum Schichtwechsel der Wartungsmannschaft.&nbsp;<\/p>\n\n\n\n<figure class=\"wp-block-audio\"><audio controls src=\"https:\/\/www.plandaten.de\/chronofiles\/wp-content\/uploads\/2023\/07\/La-Vela-Windjammer.m4a\"><\/audio><\/figure>\n\n\n\n<figure class=\"wp-block-image size-large\"><img decoding=\"async\" loading=\"lazy\" width=\"1024\" height=\"1024\" src=\"https:\/\/www.plandaten.de\/chronofiles\/wp-content\/uploads\/2023\/07\/IMG_8541-1024x1024.jpg\" alt=\"\" class=\"wp-image-625\" srcset=\"https:\/\/www.plandaten.de\/chronofiles\/wp-content\/uploads\/2023\/07\/IMG_8541-1024x1024.jpg 1024w, https:\/\/www.plandaten.de\/chronofiles\/wp-content\/uploads\/2023\/07\/IMG_8541-300x300.jpg 300w, https:\/\/www.plandaten.de\/chronofiles\/wp-content\/uploads\/2023\/07\/IMG_8541-150x150.jpg 150w, https:\/\/www.plandaten.de\/chronofiles\/wp-content\/uploads\/2023\/07\/IMG_8541-768x768.jpg 768w, https:\/\/www.plandaten.de\/chronofiles\/wp-content\/uploads\/2023\/07\/IMG_8541-1536x1536.jpg 1536w, https:\/\/www.plandaten.de\/chronofiles\/wp-content\/uploads\/2023\/07\/IMG_8541-2048x2048.jpg 2048w, https:\/\/www.plandaten.de\/chronofiles\/wp-content\/uploads\/2023\/07\/IMG_8541-1200x1200.jpg 1200w, https:\/\/www.plandaten.de\/chronofiles\/wp-content\/uploads\/2023\/07\/IMG_8541-1980x1980.jpg 1980w\" sizes=\"(max-width: 1024px) 100vw, 1024px\" \/><\/figure>\n\n\n\n<p>Uralt-Technik, schaurig sch\u00f6n-rostend- kompliziert- neben (auch heute immer noch) modernster Solararchitektur und \u00d6koenergie.&nbsp;<\/p>\n\n\n\n<figure class=\"wp-block-image size-large\"><img decoding=\"async\" loading=\"lazy\" width=\"1024\" height=\"768\" src=\"https:\/\/www.plandaten.de\/chronofiles\/wp-content\/uploads\/2023\/07\/IMG_8573-1024x768.jpg\" alt=\"\" class=\"wp-image-623\" srcset=\"https:\/\/www.plandaten.de\/chronofiles\/wp-content\/uploads\/2023\/07\/IMG_8573-1024x768.jpg 1024w, https:\/\/www.plandaten.de\/chronofiles\/wp-content\/uploads\/2023\/07\/IMG_8573-300x225.jpg 300w, https:\/\/www.plandaten.de\/chronofiles\/wp-content\/uploads\/2023\/07\/IMG_8573-768x576.jpg 768w, https:\/\/www.plandaten.de\/chronofiles\/wp-content\/uploads\/2023\/07\/IMG_8573-1536x1152.jpg 1536w, https:\/\/www.plandaten.de\/chronofiles\/wp-content\/uploads\/2023\/07\/IMG_8573-2048x1536.jpg 2048w, https:\/\/www.plandaten.de\/chronofiles\/wp-content\/uploads\/2023\/07\/IMG_8573-1200x900.jpg 1200w, https:\/\/www.plandaten.de\/chronofiles\/wp-content\/uploads\/2023\/07\/IMG_8573-1980x1485.jpg 1980w\" sizes=\"(max-width: 1024px) 100vw, 1024px\" \/><\/figure>\n\n\n\n<p>Und dann rauscht auch noch eins von den vielen landenden Flugzeugen dar\u00fcber deren Fracht an Urlaubern sich \u00fcber das Land ergiesst &#8211; maximale fossile Energieverschwendung und M\u00fcllerzeugung garantiert. Sureal. Irrwitzig.<\/p>\n\n\n\n<p><\/p>\n\n\n\n<p>Weiterf\u00fchrende Quellen:<\/p>\n\n\n\n<p><em>[1.] <\/em>Angeblich dann Arbeitspl\u00e4tze f\u00fcr 5000, sagt der Hafendirektor von Santa Cruz der meint man k\u00f6nne nicht nur auf Tourismus bauen: <a href=\"http:\/\/www.forumteneriffa.de\/teneriffa_forum\/teneriffa-news\/28224-oelplattformen-hafen-granadilla-verlegt.html\">http:\/\/www.forumteneriffa.de\/teneriffa_forum\/teneriffa-news\/28224-oelplattformen-hafen-granadilla-verlegt.html<\/a>, abgerufen 16.06.2016. <\/p>\n\n\n\n<p>Das hat er wohl vom Industrie-Minister wie in der Zeit <em>24.08.13<\/em> zu lesen ist (Dort ging es allerdings um die damals schwer umk\u00e4mpfte und mittlerweile gekippte \u00d6lf\u00f6rderung ): &nbsp;<em>24.08.13&nbsp;<\/em>&#8222;Bohrinsel in Sicht: Minister Soria, der selbst aus Gran Canaria stammt, argumentiert, dass die Kanaren nicht allein vom Tourismus leben k\u00f6nnten. Die Arbeitslosenquote ist mit 34 Prozent die dritth\u00f6chste in Spanien. Insgesamt 5.000 Arbeitspl\u00e4tze verspricht Repsol durch die Erschlie\u00dfung der \u00d6lfelder. Auf die Frage, wo und wie die entstehen sollen, schweigt Soria ebenso wie Repsol. Der Konzern versichert aber, s\u00e4mtliche Risiken im Griff zu haben.&#8220;<\/p>\n\n\n\n<p>Mein Kommentar: Risiken existieren nicht wenn die spanisch, franquistische Korruption wirkt. Notfalls werden die Kanaren halt aufgegeben. Meckern eh nur und kosten st\u00e4ndig Geld.<\/p>\n\n\n\n<p>[2.] zu den Arbeitspl\u00e4tzen aus 2014: <a href=\"http:\/\/www.wochenblatt.es\/kanarische-inseln\/teneriffa\/drei-bohrinseln-liegen-zur-wartung-in-santa-cruz\/\">http:\/\/www.wochenblatt.es\/kanarische-inseln\/teneriffa\/drei-bohrinseln-liegen-zur-wartung-in-santa-cruz\/<\/a><\/p>\n\n\n\n<p>[3.] zurechtger\u00fcckte Zahlen und kritischer Ausblick: Verschrottung droht (lt. kanaraenexpress, 2019, nicht mehr verf\u00fcgbar)<\/p>\n\n\n\n<p>[4] Zeit-Online am 22.04.2018, aus Merian Heft 11, 2017: Die 24 Passivh\u00e4user, alle umweltfreundlich erbaut, liegen im S\u00fcdosten Teneriffas. Windr\u00e4der und Solarzellen erzeugen Strom, Sensoren bestimmen das Raumklima, das Trinkwasser kommt aus dem Ozean. Die futuristischen Unterk\u00fcnfte bieten jeweils 4, 5 oder 6 G\u00e4sten Platz.<\/p>\n\n\n\n<p>[5] Das Projekt ist entstanden aus einem Wettbewerb der Organisation ITER zu dem fast 400 Architekten aus aller Welt eingeladen waren ihre Vision vom bioklimatischen Wohnen der Zukunft vorzustellen. 25 H\u00e4user wurden ausgew\u00e4hlt und inmitten eines bestehenden Wind- und PV-Projekts tats\u00e4chlich realisiert. 24 davon werden vermietet. Ziel des Wettbewerbs: Null-Co2-Emissionen bzw. Klimaneutralit\u00e4t. Mehrere der H\u00e4user konnten wir mit zwei weiteren Architektur-Enthusiasten ab 2013 bewohnen und ausgiebig &#8222;testen&#8220;. Nicht alle haben unsere Erwartungen erf\u00fcllt. Das La Vela hat sich als unser Lieblings-Haus erwiesen. Vielleicht auch weil wir an vieles in unserer sun-box erinnert waren (nicht nur die prototypische Anmutung).<\/p>\n\n\n\n<p>[6] ich habe schon 2013 einmal in einem Versuchsblog \u00fcber die Casas Bioclimaticas berichtet. Nachfolgend ein unbearbeiteter Abdruck meiner damaligen Eindr\u00fccke:<\/p>\n\n\n\n<h3 class=\"wp-block-heading\">Casas Bioclim\u00e1ticas -eine Exkursion in die 90er des \u00f6kologischen Bauens<\/h3>\n\n\n\n<p>Um 1996 veranstaltete ITER, unter anderem ein PV- und Windparkbetreiber auf Teneriffa (<a href=\"http:\/\/www.iter.es\/\">www.iter.es<\/a>), einen weltweiten Wettbewerb unter Architekten.&nbsp;<\/p>\n\n\n\n<p>Ziel war es 25 H\u00e4user zu bauen die &#8222;bioklimatische&#8220; Anforderungen ber\u00fccksichtigen.<\/p>\n\n\n\n<p>Bioklimatisch ist wohl als die spanische Variante des \u00f6kologischen Bauens zu verstehen, welches sehr sch\u00f6n und umfassend 1982 in einem vom Umweltbundesamt herausgegebenen Buch dokumentiert wird &#8211; zumindest so wie man es damals verstand.&nbsp;<\/p>\n\n\n\n<p>In diesem Buch wurden alle bekannten Spielarten der Solarenergie- und Windnutzung,&nbsp; der \u00f6kologischen Baustoffe, des Bauens mit der Natur, von Selbstversorgerg\u00e4rten und vieles mehr, inspirierend und -&#8222;typisch \u00d6ko&#8220; in Handskizzen- dargestellt.<\/p>\n\n\n\n<p>Es ging also um eine umfassende, ganzheitliche Sichtweise des Bauens und Lebens, in und mit der Natur (wie auch in der Ur-sun-box auf&nbsp;<a href=\"http:\/\/www.sun-box.de\/\">www.sun-box.de<\/a>).<\/p>\n\n\n\n<p>Gebrauchte Exemplare des Buches f\u00fcr Nostalgiker gibt es noch bei Amazon (Affiliate-Link):<\/p>\n\n\n\n<p><a href=\"http:\/\/www.amazon.de\/gp\/product\/3528016752\/ref=as_li_qf_sp_asin_il_tl?ie=UTF8&amp;camp=1638&amp;creative=6742&amp;creativeASIN=3528016752&amp;linkCode=as2&amp;tag=sunboxsolarha-21\">http:\/\/www.amazon.de\/gp\/product\/3528016752\/ref=as_li_qf_sp_asin_il_tl?ie=UTF8&amp;camp=1638&amp;creative=6742&amp;creativeASIN=3528016752&amp;linkCode=as2&amp;tag=sunboxsolarha-21<\/a><\/p>\n\n\n\n<figure class=\"wp-block-image\"><a href=\"https:\/\/blogger.googleusercontent.com\/img\/b\/R29vZ2xl\/AVvXsEiPu81OLr9DE6W_Y-DoEwyVmqz-B6t8C3Zl-HuhXgMJFyLXeNuAOT5Kby8gbRxYctIUVqQDEj_CEmMvP5DJ19oQIWQ5o3vPO_V7KtCtGQUzSAJBpgiTxkH4vcN_VOBt8kunIw\/s1600\/IMG_2319.JPG\"><img decoding=\"async\" src=\"https:\/\/blogger.googleusercontent.com\/img\/b\/R29vZ2xl\/AVvXsEiPu81OLr9DE6W_Y-DoEwyVmqz-B6t8C3Zl-HuhXgMJFyLXeNuAOT5Kby8gbRxYctIUVqQDEj_CEmMvP5DJ19oQIWQ5o3vPO_V7KtCtGQUzSAJBpgiTxkH4vcN_VOBt8kunIw\/s320\/IMG_2319.JPG\" alt=\"\"\/><\/a><\/figure>\n\n\n\n<p>Bild: el cubo, hier vollkommen geschlossen<\/p>\n\n\n\n<p>\u00c4hnlich umfassend waren die Ans\u00e4tze der casas bioclim\u00e1ticas die aus \u00fcber 350 Beitr\u00e4gen ausgew\u00e4hlt und dann tats\u00e4chlich \u00fcber fast ein Jahrzehnt hinweg realisiert wurden.<\/p>\n\n\n\n<p>Seit kurzem hat sich ITER entschlossen diese H\u00e4user an Architekturinteressierte zu vermieten. Ziel ist es, neben der Wissens-Verbreitung der M\u00f6glichkeiten&nbsp; im Inselklima m\u00f6glichst energieautark und dennoch komfortabel bis luxuri\u00f6s zu wohnen, auch weitere Messdaten der H\u00e4user im Betrieb zu erhalten. Die H\u00e4user sind dazu mit einigen Mess-Sonden ausgestattet die zentral erfasst werden und in den H\u00e4usern an den Fernsehger\u00e4ten abrufbar sind.&nbsp;<\/p>\n\n\n\n<p>Wir waren nun f\u00fcr eine Woche vor Ort und haben ein Haus ausprobiert, und mehrere andere besichtigen d\u00fcrfen. Miren Iriarte ist dort f\u00fcr das Management der H\u00e4user zust\u00e4ndig, macht informative F\u00fchrungen und beantwortet dabei geduldig Fragen der Architekturtouristen &#8211; auch \u00fcber die richtige M\u00fclltrennung (meines Wissens der einzige Ort auf den Inseln wo dies so differenziert geschieht). N\u00e4heres zu den Preisen und Verf\u00fcgbarkeiten unter&nbsp;<a href=\"http:\/\/casas.iter.es\/\">casas.iter.es<\/a>(\u00f6fter auch mal Angebote).<\/p>\n\n\n\n<p>>>>Leider nicht mehr verf\u00fcgbar&lt;&lt;&lt;<\/p>\n\n\n\n<p>Film: el rio 360 Grad, Hauptwohnraum mit Blick auf Terrasse und Patio<\/p>\n\n\n\n<p><strong>Wie war das Wohnen in den H\u00e4usern?<\/strong><\/p>\n\n\n\n<p>Eins vorweg: wer Ruhe sucht ist am falschen Ort! Man wohnt in einer sehr windreichen Gegend (El Medano in der N\u00e4he ist ein beliebter Spot f\u00fcr Kite-Surfer), was nat\u00fcrlich f\u00fcr den Windpark ein idealer Standort ist, f\u00fcr den Bewohner aber nahezu permanentes Windrauschen und &#8222;R\u00fchrger\u00e4usche&#8220; der Windkraftanlagen bedeutet. Je nach Haustyp und Lage auf dem Gel\u00e4nde kann das ganz sch\u00f6n laut sein. Im &#8222;El Rio&#8220; war es so \u00e4hnlich wie in einer 2-Zimmer-Wohnung in der die Sp\u00fclmaschine l\u00e4uft &#8211; dies aber rund um die Uhr. Ausserdem ist nur einige Kilometer entfernt der Flughafen TFS. Abfl\u00fcge gehen direkt \u00fcber das Gel\u00e4nde. Andererseits: wer schon mal direkt am Meer gewohnt hat, wei\u00df dass auch das romantische Meeresrauschen in mancher Nacht zu viel f\u00fcr empfindliche Ohren ist.<\/p>\n\n\n\n<figure class=\"wp-block-image\"><a href=\"https:\/\/blogger.googleusercontent.com\/img\/b\/R29vZ2xl\/AVvXsEg6OGs4Oj591PjvvMBpILzDCT0wl3Hm_SWfhPHqWplMDCvGWQvm_TzXKHXFEwvRfCe1Ip1PFlI7lyHZsvuvvg9P60P1Uqp_0uP8saNQOBzSCir3iX0cRDAr1XlnX3232UoNtg\/s1600\/IMG_2245.JPG\"><img decoding=\"async\" src=\"https:\/\/blogger.googleusercontent.com\/img\/b\/R29vZ2xl\/AVvXsEg6OGs4Oj591PjvvMBpILzDCT0wl3Hm_SWfhPHqWplMDCvGWQvm_TzXKHXFEwvRfCe1Ip1PFlI7lyHZsvuvvg9P60P1Uqp_0uP8saNQOBzSCir3iX0cRDAr1XlnX3232UoNtg\/s320\/IMG_2245.JPG\" alt=\"\"\/><\/a><\/figure>\n\n\n\n<p>Bild: la vela, S\u00fcdansicht<\/p>\n\n\n\n<p>Blendet man die St\u00f6rger\u00e4usche aus bleibt eine grandiose Wohnerfahrung. Die meisten H\u00e4user sind sehr unkonventionell gestaltet und zweckm\u00e4ssig eingerichtet. Die Raumeindr\u00fccke sind \u00fcberwiegend gut. Es gibt tolle Aussichten zum Meer und zum Teide, Luftr\u00e4ume \u00fcber 2 Geschosse (Volumen), unter Erde vergrabene Schlafr\u00e4ume (Erdk\u00fchle), nach 2 Seiten gro\u00dffl\u00e4chig \u00f6ffenbare Wohnr\u00e4ume (K\u00fchlung durch Querl\u00fcftung), massive Innenw\u00e4nde aus \u00f6rtlichem Lavastein (Speichermassen), Innenh\u00f6fe (Windschutz, Schatten), G\u00e4rten (Selbstversorger). Es gibt immer auch Solartechnik zur Warmwasserbereitung oder zur Stromerzeugung, ein Haus mit einer dicken Wand zur Meerseite (fast eine Trombe-Wand es fehlt die Glasscheibe dann w\u00e4re es ein massiver Kollektor siehe auch&nbsp;<a href=\"https:\/\/en.wikipedia.org\/wiki\/Trombe_wall\">https:\/\/en.wikipedia.org\/wiki\/Trombe_wall<\/a>&nbsp;), ein Haus mit doppelten Decken, W\u00e4nden und B\u00f6den die von Aussenluft durchstr\u00f6mt werden ( Envelope- Haus, Klimatisierung ohne aktive Technik, zur Theorie siehe auch&nbsp;<\/p>\n\n\n\n<p><a href=\"http:\/\/www.motherearthnews.com\/Green-Homes\/1982-03-01\/The-Double-Envelope-House.aspx\">http:\/\/www.motherearthnews.com\/Green-Homes\/1982-03-01\/The-Double-Envelope-House.aspx<\/a>&nbsp;).<\/p>\n\n\n\n<figure class=\"wp-block-image\"><a href=\"https:\/\/blogger.googleusercontent.com\/img\/b\/R29vZ2xl\/AVvXsEhaKiZyv-kNzdq5LFC7TPIH9WGlIHur8wXrtqiZ1Jtr-pe3paBr04ZSMLSvxGsiZVgs5hmmoEUwANwdDFuW__bTlITDOCt_gj1VSXdNFUt8tDo6AQ6D5S0Os3BBjNkDuDZubQ\/s1600\/IMG_2301.JPG\"><img decoding=\"async\" src=\"https:\/\/blogger.googleusercontent.com\/img\/b\/R29vZ2xl\/AVvXsEhaKiZyv-kNzdq5LFC7TPIH9WGlIHur8wXrtqiZ1Jtr-pe3paBr04ZSMLSvxGsiZVgs5hmmoEUwANwdDFuW__bTlITDOCt_gj1VSXdNFUt8tDo6AQ6D5S0Os3BBjNkDuDZubQ\/s320\/IMG_2301.JPG\" alt=\"\"\/><\/a><\/figure>\n\n\n\n<p>Bild: la vela, bergseitige L\u00fcftungsklappeneinheit mit Fugenproblem<\/p>\n\n\n\n<p>Nicht alle H\u00e4user sind gelungen, manche sind mir zu dunkel (als Schutz vor Sonneneinstrahlung gedacht) und nicht alle Details sind gut gel\u00f6st da sehr prototypisch mit entsprechender Reparaturanf\u00e4lligkeit. Manche B\u00e4der sind unzureichend eingerichtet oder zu einfach. Alle H\u00e4user haben aber immer ein besonderes Element dass man sonst bei keinem findet.&nbsp;<\/p>\n\n\n\n<figure class=\"wp-block-image\"><a href=\"https:\/\/blogger.googleusercontent.com\/img\/b\/R29vZ2xl\/AVvXsEjQ5d9jmvcwQgykjj81qIH-S8JgRXjJuWgE2GGj4woR3jA5OEDs49UTUZCNmlHAMok-sTxfpO2W8jaR0dTPBDciUHfj7hZwKcNTrooJkGnvCWgUEVVzbrOlccu_U3g71MKGjg\/s1600\/IMG_2300.JPG\"><img decoding=\"async\" src=\"https:\/\/blogger.googleusercontent.com\/img\/b\/R29vZ2xl\/AVvXsEjQ5d9jmvcwQgykjj81qIH-S8JgRXjJuWgE2GGj4woR3jA5OEDs49UTUZCNmlHAMok-sTxfpO2W8jaR0dTPBDciUHfj7hZwKcNTrooJkGnvCWgUEVVzbrOlccu_U3g71MKGjg\/s320\/IMG_2300.JPG\" alt=\"\"\/><\/a><\/figure>\n\n\n\n<p>Bild: la vela, Wohnraum mit Lichtband zum oberen Schlaftrakt, weitere seitliche L\u00fcftungsklappeneinheit und mehrere \u00f6ffenbare bergseitige T\u00fcren, meerseitiger Sonnenschutz komplett geschlossen<\/p>\n\n\n\n<p><strong>Lohnt sich die Anreise?<\/strong><\/p>\n\n\n\n<p>F\u00fcr uns hat es sich jedenfalls gelohnt. Wir haben neue Ideen mit nach Hause genommen und gute Wohn-Eindr\u00fccke gesammelt. Wir werden noch einmal hinfahren und dann ein anderes Haus mieten. Am Liebsten dann das &#8222;la vela&#8220;. Dieses wird zwar derzeit wegen einiger M\u00e4ngel nicht vermietet (Sand dringt durch die Fugen der Bel\u00fcftungsklappen und T\u00fcren und hinterl\u00e4sst &#8222;Wanderd\u00fcnen&#8220; im Wohnraum, der Schlaftrakt im Obergeschoss neigt zu Schwingungen wenn der Wind stark weht, nichts f\u00fcr Nicht-Statiker). Wir w\u00fcrden uns trotzdem freiwillig als Testpersonen zur Verf\u00fcgung stellen. Das Haus ist einfach zu spektakul\u00e4r!<\/p>\n\n\n\n<p><strong>Was sollte verbessert werden?<\/strong><\/p>\n\n\n\n<p>Jedes Haus braucht eine &#8222;Bedienungsanleitung&#8220; (siehe z.B. &#8222;Bedienungsanleitung f\u00fcr ein Solarhaus&#8220;&nbsp;<a href=\"http:\/\/www.plandaten.de\/sunsite\/sunbed.pdf\">http:\/\/www.plandaten.de\/sunsite\/sunbed.pdf<\/a>&nbsp;) die erl\u00e4utert wie man im Haus am besten Energie spart, ein angenehmes Wohnklima f\u00fcr Tag und Nacht erh\u00e4lt, was das&nbsp;<\/p>\n\n\n\n<figure class=\"wp-block-image\"><a href=\"https:\/\/blogger.googleusercontent.com\/img\/b\/R29vZ2xl\/AVvXsEhe-cP-IlK88yG4qJ1ukcsx3jzlPbMzuLrca4SIIup-9-jwXBWDg6tuPQHELtzbAFkh9wVvxcaJonYmqVQQkYREo-WYNeHauH98m75toMKF7v8QPqhFwmQFBr1dTq-pn7slJA\/s1600\/IMG_2232.JPG\"><img decoding=\"async\" src=\"https:\/\/blogger.googleusercontent.com\/img\/b\/R29vZ2xl\/AVvXsEhe-cP-IlK88yG4qJ1ukcsx3jzlPbMzuLrca4SIIup-9-jwXBWDg6tuPQHELtzbAFkh9wVvxcaJonYmqVQQkYREo-WYNeHauH98m75toMKF7v8QPqhFwmQFBr1dTq-pn7slJA\/s320\/IMG_2232.JPG\" alt=\"\"\/><\/a><\/figure>\n\n\n\n<p>Bild: el rio, Wohnzone mit Sonnenschutz-Schiebeelement und geklappten Holzlamellen<\/p>\n\n\n\n<p>Haus dazu f\u00fcr einen tun kann, und welche Einflussm\u00f6glichkeiten der Bewohner aktiv hat um das Klima im Haus selbst zu steuern. Eine Woche ist zu kurz um das alles selbst herauszufinden. Ich habe mich einige Tage damit besch\u00e4ftigt die Funktion des Sonnenschutzes im Sinne des Planers zu reaktivieren (teilweise defekte Hebel) und dann zu versuchen das Abendklima im Wohnraum angenehm, also nicht zu warm aber auch nicht zu abgek\u00fchlt zu halten. Dazu musste man Nachmittags den Sonnenschutz beiseite schieben und die Schiebeverglasungen m\u00f6glichst geschlossen halten (passive Energiegewinne nutzen und im dunklen Vulkan-Basalt speichern).&nbsp;<\/p>\n\n\n\n<p>Dass Verst\u00e4ndnis f\u00fcr die &#8222;Bioklimatik&#8220; k\u00f6nnte sich durch Anleitungen verbessern und verbreitern. Prototypische Bedien-Elemente w\u00e4ren m\u00f6glicherweise vor Besch\u00e4digung sicherer.<\/p>\n\n\n\n<p><strong>Fazit:<\/strong><\/p>\n\n\n\n<p>Wer den L\u00e4rm ausblendet und \u00d6ko liebt wird sich hier wohlf\u00fchlen &#8211; und Teil eines Experiments werden bei dem er lernt dass Hauskonzepte aus den 90ern auch heute noch mehr als eine historische Bedeutung haben. Der derzeitige Trend zu Technik (Klimatisierung, aktive Energiegewinnung) und W\u00e4rmed\u00e4mmung allein ist nicht alles, viel sympathischer sind mir H\u00e4user die einem ein Leben mit der Natur erm\u00f6glichen und diese gleichzeitig erhalten helfen- luxuri\u00f6se Raum-Aussenweltbeziehungen selbstverst\u00e4ndlich inclusive. So wie bei den &#8222;casas bioclim\u00e1ticas&#8220;.<\/p>\n\n\n\n<p><\/p>\n","protected":false},"excerpt":{"rendered":"<p>Unglaubliche Atmosph\u00e4re, fast wie im dystopischen Science Fiction, wohlgeborgen in der \u201eGated Community\u201c der &#8222;casas bioclim\u00e1ticas&#8220; [4], inmitten eines PV und Windparks auf Teneriffa, in einem \u00f6kologisch korrekten, &#8222;bioclimatischen&#8220;, luxuri\u00f6sen Haus, mit perfekten R\u00e4umen und Aus- und Durchblicken, PV und Windstrom, solar entsalztes Warmwasser, endemische Pflanzen, zeitgesteuert bew\u00e4ssert [5]. Im nahen Doppel-Industriemonster im Industriehafen dagegen&#8230; <a class=\"more-link\" href=\"https:\/\/www.plandaten.de\/chronofiles\/2023\/07\/03\/industriemonster-am-la-vela\/\">[&#8230;]<\/a><\/p>\n","protected":false},"author":1,"featured_media":621,"comment_status":"open","ping_status":"closed","sticky":false,"template":"templates\/template-cover.php","format":"standard","meta":[],"categories":[30],"tags":[],"_links":{"self":[{"href":"https:\/\/www.plandaten.de\/chronofiles\/wp-json\/wp\/v2\/posts\/615"}],"collection":[{"href":"https:\/\/www.plandaten.de\/chronofiles\/wp-json\/wp\/v2\/posts"}],"about":[{"href":"https:\/\/www.plandaten.de\/chronofiles\/wp-json\/wp\/v2\/types\/post"}],"author":[{"embeddable":true,"href":"https:\/\/www.plandaten.de\/chronofiles\/wp-json\/wp\/v2\/users\/1"}],"replies":[{"embeddable":true,"href":"https:\/\/www.plandaten.de\/chronofiles\/wp-json\/wp\/v2\/comments?post=615"}],"version-history":[{"count":10,"href":"https:\/\/www.plandaten.de\/chronofiles\/wp-json\/wp\/v2\/posts\/615\/revisions"}],"predecessor-version":[{"id":1536,"href":"https:\/\/www.plandaten.de\/chronofiles\/wp-json\/wp\/v2\/posts\/615\/revisions\/1536"}],"wp:featuredmedia":[{"embeddable":true,"href":"https:\/\/www.plandaten.de\/chronofiles\/wp-json\/wp\/v2\/media\/621"}],"wp:attachment":[{"href":"https:\/\/www.plandaten.de\/chronofiles\/wp-json\/wp\/v2\/media?parent=615"}],"wp:term":[{"taxonomy":"category","embeddable":true,"href":"https:\/\/www.plandaten.de\/chronofiles\/wp-json\/wp\/v2\/categories?post=615"},{"taxonomy":"post_tag","embeddable":true,"href":"https:\/\/www.plandaten.de\/chronofiles\/wp-json\/wp\/v2\/tags?post=615"}],"curies":[{"name":"wp","href":"https:\/\/api.w.org\/{rel}","templated":true}]}}