{"id":932,"date":"2025-05-19T15:04:29","date_gmt":"2025-05-19T13:04:29","guid":{"rendered":"https:\/\/www.plandaten.de\/chronofiles\/?p=932"},"modified":"2025-05-19T16:14:12","modified_gmt":"2025-05-19T14:14:12","slug":"die-sun-box-eine-solare-waermepumpe","status":"publish","type":"post","link":"https:\/\/www.plandaten.de\/chronofiles\/2025\/05\/19\/die-sun-box-eine-solare-waermepumpe\/","title":{"rendered":"Die sun-box, eine solare W\u00e4rmepumpe"},"content":{"rendered":"Du musst angemeldet sein, um diesen Inhalt sehen zu k\u00f6nnen.","protected":false},"excerpt":{"rendered":"Du musst angemeldet sein, um diesen Inhalt sehen zu k\u00f6nnen.","protected":false},"author":1,"featured_media":931,"comment_status":"open","ping_status":"closed","sticky":false,"template":"templates\/template-cover.php","format":"standard","meta":[],"categories":[28,13],"tags":[],"_links":{"self":[{"href":"https:\/\/www.plandaten.de\/chronofiles\/wp-json\/wp\/v2\/posts\/932"}],"collection":[{"href":"https:\/\/www.plandaten.de\/chronofiles\/wp-json\/wp\/v2\/posts"}],"about":[{"href":"https:\/\/www.plandaten.de\/chronofiles\/wp-json\/wp\/v2\/types\/post"}],"author":[{"embeddable":true,"href":"https:\/\/www.plandaten.de\/chronofiles\/wp-json\/wp\/v2\/users\/1"}],"replies":[{"embeddable":true,"href":"https:\/\/www.plandaten.de\/chronofiles\/wp-json\/wp\/v2\/comments?post=932"}],"version-history":[{"count":5,"href":"https:\/\/www.plandaten.de\/chronofiles\/wp-json\/wp\/v2\/posts\/932\/revisions"}],"predecessor-version":[{"id":941,"href":"https:\/\/www.plandaten.de\/chronofiles\/wp-json\/wp\/v2\/posts\/932\/revisions\/941"}],"wp:featuredmedia":[{"embeddable":true,"href":"https:\/\/www.plandaten.de\/chronofiles\/wp-json\/wp\/v2\/media\/931"}],"wp:attachment":[{"href":"https:\/\/www.plandaten.de\/chronofiles\/wp-json\/wp\/v2\/media?parent=932"}],"wp:term":[{"taxonomy":"category","embeddable":true,"href":"https:\/\/www.plandaten.de\/chronofiles\/wp-json\/wp\/v2\/categories?post=932"},{"taxonomy":"post_tag","embeddable":true,"href":"https:\/\/www.plandaten.de\/chronofiles\/wp-json\/wp\/v2\/tags?post=932"}],"curies":[{"name":"wp","href":"https:\/\/api.w.org\/{rel}","templated":true}]}}