{"id":973,"date":"2025-07-17T19:57:39","date_gmt":"2025-07-17T17:57:39","guid":{"rendered":"https:\/\/www.plandaten.de\/chronofiles\/?p=973"},"modified":"2025-10-30T15:02:41","modified_gmt":"2025-10-30T14:02:41","slug":"endlich-eine-bronzetafel","status":"publish","type":"post","link":"https:\/\/www.plandaten.de\/chronofiles\/2025\/07\/17\/endlich-eine-bronzetafel\/","title":{"rendered":"Endlich! Eine Bronzetafel"},"content":{"rendered":"\n<h3 class=\"wp-block-heading\">Nach dem Gu\u00df<\/h3>\n\n\n\n<p>\u201eNicht einmal 30 Jahre\u201c nach dem Bau unserer sun-box ist es mir endlich gelungen \u201eselbst\u201c eine ad\u00e4quate Bronzetafel f\u00fcr die sun-box zu gie\u00dfen.\u00a0<\/p>\n\n\n\n<p>In einer \u00e4usserst aufwendigen Bronzeguss-Session (wirklich viel Arbeit!) entstand heute die monatelang vorbereitete Tafel (Entwurf, Spiegelung, \u00dcbertragung auf Gipsform, Wachsabguss, Bentonit-Sandform, Bronzeguss).<\/p>\n\n\n\n<p>Ohne professionelle Anleitung, Anweisung, Einweisung und tatkr\u00e4ftige Hilfestellung des K\u00fcnstlerpaars <a href=\"http:\/\/www.richardgruber.de\" target=\"_blank\" rel=\"noreferrer noopener\">Richard Gruber<\/a> (Bildhauer) und Annemie Miessl (Steinarbeiten) w\u00e4re mir das nie gelungen. Faszinierende Kulturtechnik.<\/p>\n\n\n\n<p>Schon 2010, als wir in der \u201e<a href=\"http:\/\/hotelruraltriana.es\/index.php\/es\/\" target=\"_blank\" rel=\"noreferrer noopener\">Casa Triana<\/a>\u201c in Vallehermoso (La Gomera) \u00fcbernachteten, haben wir beschlossen dass ein relevantes Haus mit Anspruch so etwas \u201eunbedingt\u201c ben\u00f6tigt.<\/p>\n\n\n\n<figure class=\"wp-block-image\"><img decoding=\"async\" loading=\"lazy\" width=\"1024\" height=\"768\" src=\"https:\/\/www.plandaten.de\/chronofiles\/wp-content\/uploads\/2025\/07\/IMG_4613-1024x768.jpeg\" alt=\"\" class=\"wp-image-977\" srcset=\"https:\/\/www.plandaten.de\/chronofiles\/wp-content\/uploads\/2025\/07\/IMG_4613-1024x768.jpeg 1024w, https:\/\/www.plandaten.de\/chronofiles\/wp-content\/uploads\/2025\/07\/IMG_4613-300x225.jpeg 300w, https:\/\/www.plandaten.de\/chronofiles\/wp-content\/uploads\/2025\/07\/IMG_4613-768x576.jpeg 768w, https:\/\/www.plandaten.de\/chronofiles\/wp-content\/uploads\/2025\/07\/IMG_4613-rotated.jpeg 1181w\" sizes=\"(max-width: 1024px) 100vw, 1024px\" \/><figcaption class=\"wp-element-caption\">(c) Harald Brosi, 2010, Casa Triana Bronzetafel, Vallehermoso, La Gomera<\/figcaption><\/figure>\n\n\n\n<p><\/p>\n\n\n\n<p>Das Eingangs-Bild zum Post zeigt den rohen Zustand nach dem Ausschalen. Man sieht dass noch weitere \u201eVersch\u00f6nerungsarbeiten\u201c n\u00f6tig sind (Quadrat nicht vollst\u00e4ndig ausgelaufen, etwas verzogen -vielleicht lassen wir dass auch so steampunk-m\u00e4ssig, Verguss-\/Entl\u00fcftungskan\u00e4le, verfranste R\u00e4nder entfernen).&nbsp;<\/p>\n\n\n\n<p>Der offenbarte Zustand ist, auch in der Schrift, \u201esehr lebendig\u201c geraten, keine CNC-gefr\u00e4ste exakte Platte sondern ein handwerkliches \u201eZufallsprodukt\u201c mit sch\u00f6ner Sandbett-Wasserstriemen-Struktur.<\/p>\n\n\n\n<h3 class=\"wp-block-heading\">Nach der Montage<\/h3>\n\n\n\n<figure class=\"wp-block-image size-full\"><img decoding=\"async\" loading=\"lazy\" width=\"866\" height=\"650\" src=\"https:\/\/www.plandaten.de\/chronofiles\/wp-content\/uploads\/2025\/10\/IMG_8954.jpeg\" alt=\"\" class=\"wp-image-1037\" srcset=\"https:\/\/www.plandaten.de\/chronofiles\/wp-content\/uploads\/2025\/10\/IMG_8954.jpeg 866w, https:\/\/www.plandaten.de\/chronofiles\/wp-content\/uploads\/2025\/10\/IMG_8954-300x225.jpeg 300w, https:\/\/www.plandaten.de\/chronofiles\/wp-content\/uploads\/2025\/10\/IMG_8954-768x576.jpeg 768w\" sizes=\"(max-width: 866px) 100vw, 866px\" \/><figcaption class=\"wp-element-caption\">(c) Harald Brosi, sun-box an der Wand, Bronzetafel im Sonnenlicht nach Fertigstellung <\/figcaption><\/figure>\n\n\n\n<p>Nicht einmal 4 Wochen sp\u00e4ter h\u00e4ngt die Tafel an der Wand. Leichte Verz\u00f6gerung da erst der Anstrich noch erneuert werden musste. Das grafische Motiv ist eine Verschmelzung aus dem Logo von PLANBROSI (Quadrat) und der eingetragenen Marke sun-box (Schriftzug mit Kreis als Metapher f\u00fcr die Sonne).&nbsp;Der Viertelmond ist zuf\u00e4llig entstanden. Der  Rohguss wurde durch den Bildhauer Richard Gruber  professionell nachbearbeitet (ziseliert, echt noch viel mehr Arbeit! fransiger Auslauf begradigt, fehlendes Material beigeschwei\u00dft, geschliffen, poliert, \u2026) ansonsten \u201eso belassen wie vorgefunden\u201c.<\/p>\n\n\n\n<p>Wer jetzt der Meinung ist auch sein Haus verdient, einer alten Tradition folgend, eine Bronzeplakette mit Angaben zu Bauherr, Architekt, Ingenieur und ausf\u00fchrendem Unternehmer, kann sich an <a rel=\"noreferrer noopener\" href=\"mailto:kunst@richardgruber.de\" data-type=\"URL\" target=\"_blank\">Richard<\/a> wenden und vielleicht einen exklusiven Workshop buchen (Wie mache ich eine Bronzetafel?) oder einfacher gleich ein fertiges Schild bei ihm in Auftrag geben. Auch Namensschilder sind m\u00f6glich.<\/p>\n\n\n\n<p>Unsere Tafel wird jedenfalls sehr sicher uns und die sun-box \u00fcberleben und mit der Zeit eine wunderbare Patina entwickeln, ausser jemand schmilzt sie wieder ein und macht eine Neue daraus.<\/p>\n","protected":false},"excerpt":{"rendered":"<p>Nach dem Gu\u00df \u201eNicht einmal 30 Jahre\u201c nach dem Bau unserer sun-box ist es mir endlich gelungen \u201eselbst\u201c eine ad\u00e4quate Bronzetafel f\u00fcr die sun-box zu gie\u00dfen.\u00a0 In einer \u00e4usserst aufwendigen Bronzeguss-Session (wirklich viel Arbeit!) entstand heute die monatelang vorbereitete Tafel (Entwurf, Spiegelung, \u00dcbertragung auf Gipsform, Wachsabguss, Bentonit-Sandform, Bronzeguss). Ohne professionelle Anleitung, Anweisung, Einweisung und tatkr\u00e4ftige&#8230; <a class=\"more-link\" href=\"https:\/\/www.plandaten.de\/chronofiles\/2025\/07\/17\/endlich-eine-bronzetafel\/\">[&#8230;]<\/a><\/p>\n","protected":false},"author":1,"featured_media":975,"comment_status":"open","ping_status":"closed","sticky":false,"template":"templates\/template-cover.php","format":"standard","meta":[],"categories":[32],"tags":[],"_links":{"self":[{"href":"https:\/\/www.plandaten.de\/chronofiles\/wp-json\/wp\/v2\/posts\/973"}],"collection":[{"href":"https:\/\/www.plandaten.de\/chronofiles\/wp-json\/wp\/v2\/posts"}],"about":[{"href":"https:\/\/www.plandaten.de\/chronofiles\/wp-json\/wp\/v2\/types\/post"}],"author":[{"embeddable":true,"href":"https:\/\/www.plandaten.de\/chronofiles\/wp-json\/wp\/v2\/users\/1"}],"replies":[{"embeddable":true,"href":"https:\/\/www.plandaten.de\/chronofiles\/wp-json\/wp\/v2\/comments?post=973"}],"version-history":[{"count":12,"href":"https:\/\/www.plandaten.de\/chronofiles\/wp-json\/wp\/v2\/posts\/973\/revisions"}],"predecessor-version":[{"id":1046,"href":"https:\/\/www.plandaten.de\/chronofiles\/wp-json\/wp\/v2\/posts\/973\/revisions\/1046"}],"wp:featuredmedia":[{"embeddable":true,"href":"https:\/\/www.plandaten.de\/chronofiles\/wp-json\/wp\/v2\/media\/975"}],"wp:attachment":[{"href":"https:\/\/www.plandaten.de\/chronofiles\/wp-json\/wp\/v2\/media?parent=973"}],"wp:term":[{"taxonomy":"category","embeddable":true,"href":"https:\/\/www.plandaten.de\/chronofiles\/wp-json\/wp\/v2\/categories?post=973"},{"taxonomy":"post_tag","embeddable":true,"href":"https:\/\/www.plandaten.de\/chronofiles\/wp-json\/wp\/v2\/tags?post=973"}],"curies":[{"name":"wp","href":"https:\/\/api.w.org\/{rel}","templated":true}]}}